{"id":356,"date":"2024-04-18T16:17:50","date_gmt":"2024-04-18T14:17:50","guid":{"rendered":"https:\/\/www.viazenetti.de\/digital-do\/?p=356"},"modified":"2025-08-21T14:55:22","modified_gmt":"2025-08-21T12:55:22","slug":"digital-corporate-design-die-zukunft-der-markenidentitaet","status":"publish","type":"post","link":"https:\/\/www.viazenetti.de\/digital-do\/corporate\/digital-corporate-design-die-zukunft-der-markenidentitaet\/","title":{"rendered":"Digital Corporate Design: Die Zukunft der Markenidentit\u00e4t"},"content":{"rendered":"\n<p class=\"has-normal-font-size\">In der digitalen \u00c4ra ist das Corporate Design eines Unternehmens nicht mehr auf klassische Medien wie Printmaterialien oder station\u00e4re Gesch\u00e4ftsr\u00e4ume beschr\u00e4nkt. Vielmehr muss sich das <strong>Digital Corporate Design (DCD)<\/strong> als entscheidender Faktor f\u00fcr eine konsistente und moderne Markenidentit\u00e4t etablieren. Digitale Plattformen, mobile Anwendungen und interaktive Medien erfordern ein dynamisches und flexibles Corporate Design, das sich nahtlos an verschiedene Endger\u00e4te und Benutzererwartungen anpasst.<\/p>\n\n\n\n<p class=\"has-normal-font-size\">Doch was macht ein erfolgreiches <strong>Digital Corporate Design<\/strong> aus? Welche Elemente spielen eine Rolle, und wie kann eine Marke sicherstellen, dass sie auch im digitalen Raum konsistent und authentisch bleibt? Dieser Artikel gibt einen umfassenden \u00dcberblick \u00fcber die Bedeutung, Bestandteile und Best Practices eines starken digitalen Markenauftritts.<\/p>\n\n\n\n<p><\/p>\n\n\n\n<div class=\"wp-block-group is-layout-constrained wp-block-group-is-layout-constrained\">\n<h2 class=\"wp-block-heading\" id=\"01-adaptives-logo\"><strong>Was ist Digital Corporate Design?<\/strong><\/h2>\n\n\n\n<p><strong>Digital Corporate Design<\/strong> beschreibt die visuelle und funktionale Gestaltung einer Marke im digitalen Raum. Es umfasst alle grafischen, typografischen und interaktiven Elemente, die das Erscheinungsbild einer Marke auf digitalen Plattformen definieren. Dabei geht es nicht nur um das <strong>Logo oder Farbschema<\/strong>, sondern um ein ganzheitliches Designkonzept, das auf Websites, Social-Media-Kan\u00e4len, Apps und anderen digitalen Medien einheitlich angewendet wird.<\/p>\n\n\n\n<p>Ein gutes Digital Corporate Design sorgt daf\u00fcr, dass ein Unternehmen in der digitalen Welt wiedererkennbar bleibt, Vertrauen schafft und sich von der Konkurrenz abhebt.<\/p>\n<\/div>\n\n\n\n<h2 class=\"wp-block-heading\" id=\"01-adaptives-logo\"><strong>Bestandteile des Digital Corporate Designs<\/strong><\/h2>\n\n\n\n<p>Ein erfolgreiches Digital Corporate Design setzt sich aus mehreren Sch\u00fcsselelementen zusammen:<\/p>\n\n\n\n<div class=\"wp-block-group is-layout-constrained wp-block-group-is-layout-constrained\">\n<h3 class=\"wp-block-heading\"><strong>Logo &amp; Markeniconografie<\/strong><\/h3>\n\n\n\n<p>Das <strong>Logo<\/strong> ist das Herzst\u00fcck jeder Markenidentit\u00e4t. Im digitalen Kontext muss es skalierbar und anpassungsf\u00e4hig sein. Verschiedene Anwendungsf\u00e4lle erfordern unterschiedliche Versionen:<\/p>\n\n\n\n<ul class=\"wp-block-list\">\n<li><strong>Favicon<\/strong> f\u00fcr Webseiten<\/li>\n\n\n\n<li><strong>Social-Media-Profilbilder<\/strong><\/li>\n\n\n\n<li><strong>App-Icons<\/strong><\/li>\n\n\n\n<li><strong>Animationen des Logos f\u00fcr Videos oder digitale Werbemittel<\/strong><\/li>\n<\/ul>\n<\/div>\n\n\n\n<div class=\"wp-block-group is-layout-constrained wp-block-group-is-layout-constrained\">\n<h3 class=\"wp-block-heading\"><strong><strong>Farbpalette &amp; Typografie<\/strong><\/strong><\/h3>\n\n\n\n<p>Farben und Schriftarten bestimmen die Wahrnehmung einer Marke. Im digitalen Bereich m\u00fcssen sie:<\/p>\n\n\n\n<ul class=\"wp-block-list\">\n<li>Kontrastreich genug sein, um Barrierefreiheit zu gew\u00e4hrleisten<\/li>\n\n\n\n<li>Auf verschiedenen Bildschirmen einheitlich dargestellt werden (z. B. durch RGB- oder HEX-Werte)<\/li>\n\n\n\n<li>Eine emotionale Verbindung zur Marke herstellen<\/li>\n<\/ul>\n<\/div>\n\n\n\n<div class=\"wp-block-group is-layout-constrained wp-block-group-is-layout-constrained\">\n<h3 class=\"wp-block-heading\"><strong><strong><strong>Designrichtlinien &amp; UI-Kits<\/strong><\/strong><\/strong><\/h3>\n\n\n\n<p>Digitale Markenrichtlinien umfassen oft <strong>UI-Kits<\/strong>, die Komponenten wie Buttons, Icons, Formulare und Navigationsstrukturen standardisieren. Diese Guidelines sorgen daf\u00fcr, dass alle digitalen Produkte und Plattformen konsistent wirken.<\/p>\n<\/div>\n\n\n\n<div class=\"wp-block-group is-layout-constrained wp-block-group-is-layout-constrained\">\n<h3 class=\"wp-block-heading\"><strong><strong><strong><strong>Responsive &amp; Adaptive Design<\/strong><\/strong><\/strong><\/strong><\/h3>\n\n\n\n<p>Websites und digitale Plattformen m\u00fcssen sich an verschiedene Endger\u00e4te anpassen. <strong>Responsive Design<\/strong> bedeutet, dass sich das Layout dynamisch an unterschiedliche Bildschirmgr\u00f6\u00dfen anpasst, w\u00e4hrend <strong>Adaptive Design<\/strong> spezifische Versionen f\u00fcr unterschiedliche Devices erstellt.<\/p>\n<\/div>\n\n\n\n<div class=\"wp-block-group is-layout-constrained wp-block-group-is-layout-constrained\">\n<h3 class=\"wp-block-heading\"><strong><strong><strong>Interaktive Elemente &amp; Mikrointeraktionen<\/strong><\/strong><\/strong><\/h3>\n\n\n\n<p>Moderne Digital Corporate Designs setzen auf <strong>Mikrointeraktionen<\/strong> \u2013 kleine, aber wirkungsvolle Animationen oder Feedback-Elemente, die das Benutzererlebnis verbessern, z. B.:<\/p>\n\n\n\n<ul class=\"wp-block-list\">\n<li><strong>Hover-Effekte<\/strong><\/li>\n\n\n\n<li><strong>Ladeanimationen<\/strong><\/li>\n\n\n\n<li><strong>Scroll-basierte Interaktionen<\/strong><\/li>\n<\/ul>\n<\/div>\n\n\n\n<div class=\"wp-block-group is-layout-constrained wp-block-group-is-layout-constrained\">\n<h3 class=\"wp-block-heading\"><strong><strong><strong><strong>Bildsprache &amp; Video-Content<\/strong><\/strong><\/strong><\/strong><\/h3>\n\n\n\n<p>Die digitale Welt ist visuell gepr\u00e4gt. Eine einheitliche Bildsprache und ein koh\u00e4rentes Videokonzept sind entscheidend, um die Markenidentit\u00e4t zu st\u00e4rken.<\/p>\n<\/div>\n\n\n\n<div class=\"wp-block-group is-layout-constrained wp-block-group-is-layout-constrained\">\n<h2 class=\"wp-block-heading\" id=\"01-adaptives-logo\"><strong>Herausforderungen und L\u00f6sungen des Digital Corporate Design<\/strong><\/h2>\n\n\n\n<p>Trotz der vielen Vorteile gibt es einige Herausforderungen, die Unternehmen beim Aufbau eines Digital Corporate Designs meistern m\u00fcssen.<\/p>\n<\/div>\n\n\n\n<div class=\"wp-block-group is-layout-constrained wp-block-group-is-layout-constrained\">\n<h3 class=\"wp-block-heading\"><strong><strong><strong><strong>Konsistenz \u00fcber verschiedene Plattformen<\/strong><\/strong><\/strong><\/strong><\/h3>\n\n\n\n<p>Digitale Marken erscheinen auf Websites, Social Media, Apps, E-Mails und vielen weiteren Kan\u00e4len. <strong>L\u00f6sung<\/strong>: Eine zentrale Designbibliothek mit vordefinierten Stilen und Komponenten hilft dabei, die Einheitlichkeit zu gew\u00e4hrleisten.<\/p>\n<\/div>\n\n\n\n<div class=\"wp-block-group is-layout-constrained wp-block-group-is-layout-constrained\">\n<h3 class=\"wp-block-heading\"><strong><strong><strong><strong><strong>Skalierbarkeit &amp; Zukunftssicherheit<\/strong><\/strong><\/strong><\/strong><\/strong><\/h3>\n\n\n\n<p>Technologien und Design-Trends \u00e4ndern sich rasant. <strong>L\u00f6sung<\/strong>: Modular aufgebaute Systeme wie Design-Systeme oder flexible UI-Kits erm\u00f6glichen eine leichte Anpassung an neue Anforderungen.<\/p>\n<\/div>\n\n\n\n<h2 class=\"wp-block-heading\" id=\"01-adaptives-logo\">Fazit: <strong>Digital Corporate Design als echter Erfolgsfaktor<\/strong><\/h2>\n\n\n\n<p>Ein starkes Digital Corporate Design ist mehr als nur eine ansprechende Optik \u2013 es ist ein wesentlicher Bestandteil der Markenstrategie. Unternehmen, die in eine konsistente, innovative und nutzerfreundliche digitale Markenidentit\u00e4t investieren, profitieren von einer <strong>h\u00f6heren Wiedererkennbarkeit, besseren Benutzererfahrungen und st\u00e4rkeren Kundenbindungen<\/strong>.<\/p>\n\n\n\n<p>In Zukunft wird das Digital Corporate Design weiter an Bedeutung gewinnen, da immer mehr Interaktionen zwischen Marken und Kunden im digitalen Raum stattfinden. Unternehmen sollten daher nicht nur auf visuelle Aspekte achten, sondern ein ganzheitliches Konzept entwickeln, das technologische Trends, UX-Prinzipien und Markenwerte vereint.<\/p>\n\n\n\n<h3 class=\"wp-block-heading\">Hier ein Beispiel &#8230;<\/h3>\n\n\n\n<figure class=\"wp-block-image size-full\"><img decoding=\"async\" src=\"https:\/\/www.viazenetti.de\/digital-do\/wp-content\/uploads\/VIA_adaptive_logo_fin.svg\" alt=\"\" class=\"wp-image-448\"\/><figcaption class=\"wp-element-caption\">Digital Corporate Design f\u00fcr unsre Partner-Agentur Striped Giraffe<\/figcaption><\/figure>\n\n\n\n<p><\/p>\n","protected":false},"excerpt":{"rendered":"<p>Digital Corporate Design (DCD) muss sich als entscheidender Faktor f\u00fcr eine konsistente und moderne Markenidentit\u00e4t etablieren.<\/p>\n","protected":false},"author":5,"featured_media":168,"comment_status":"closed","ping_status":"closed","sticky":false,"template":"","format":"standard","meta":{"_acf_changed":false,"footnotes":""},"categories":[1,9,11,5],"tags":[24,15,16,20,19,22,21,18,17,23],"class_list":["post-356","post","type-post","status-publish","format-standard","has-post-thumbnail","hentry","category-corporate","category-top-themen","category-ui-design","category-ux-design","tag-app","tag-corporate","tag-design","tag-digital","tag-erlebnis","tag-favicon","tag-icon","tag-logo","tag-marke","tag-profilbil"],"acf":[],"yoast_head":"<!-- This site is optimized with the Yoast SEO plugin v27.4 - https:\/\/yoast.com\/product\/yoast-seo-wordpress\/ -->\n<title>Digital Corporate Design: Die Zukunft der Markenidentit\u00e4t - digital:do<\/title>\n<meta name=\"robots\" content=\"index, follow, max-snippet:-1, max-image-preview:large, max-video-preview:-1\" \/>\n<link rel=\"canonical\" href=\"https:\/\/www.viazenetti.de\/digital-do\/corporate\/digital-corporate-design-die-zukunft-der-markenidentitaet\/\" \/>\n<meta property=\"og:locale\" content=\"de_DE\" \/>\n<meta property=\"og:type\" content=\"article\" \/>\n<meta property=\"og:title\" content=\"Digital Corporate Design: Die Zukunft der Markenidentit\u00e4t - digital:do\" \/>\n<meta property=\"og:description\" content=\"Digital Corporate Design (DCD) muss sich als entscheidender Faktor f\u00fcr eine konsistente und moderne Markenidentit\u00e4t etablieren.\" \/>\n<meta property=\"og:url\" content=\"https:\/\/www.viazenetti.de\/digital-do\/corporate\/digital-corporate-design-die-zukunft-der-markenidentitaet\/\" \/>\n<meta property=\"og:site_name\" content=\"digital:do\" \/>\n<meta property=\"article:publisher\" content=\"https:\/\/www.facebook.com\/viazenetti\" \/>\n<meta property=\"article:published_time\" content=\"2024-04-18T14:17:50+00:00\" \/>\n<meta property=\"article:modified_time\" content=\"2025-08-21T12:55:22+00:00\" \/>\n<meta property=\"og:image\" content=\"https:\/\/www.viazenetti.de\/digital-do\/wp-content\/uploads\/dummie_image01.jpg\" \/>\n\t<meta property=\"og:image:width\" content=\"951\" \/>\n\t<meta property=\"og:image:height\" content=\"520\" \/>\n\t<meta property=\"og:image:type\" content=\"image\/jpeg\" \/>\n<meta name=\"author\" content=\"Ludwig Falkenstein\" \/>\n<meta name=\"twitter:card\" content=\"summary_large_image\" \/>\n<meta name=\"twitter:label1\" content=\"Verfasst von\" \/>\n\t<meta name=\"twitter:data1\" content=\"Ludwig Falkenstein\" \/>\n\t<meta name=\"twitter:label2\" content=\"Gesch\u00e4tzte Lesezeit\" \/>\n\t<meta name=\"twitter:data2\" content=\"4\u00a0Minuten\" \/>\n<script type=\"application\/ld+json\" class=\"yoast-schema-graph\">{\"@context\":\"https:\\\/\\\/schema.org\",\"@graph\":[{\"@type\":\"Article\",\"@id\":\"https:\\\/\\\/www.viazenetti.de\\\/digital-do\\\/corporate\\\/digital-corporate-design-die-zukunft-der-markenidentitaet\\\/#article\",\"isPartOf\":{\"@id\":\"https:\\\/\\\/www.viazenetti.de\\\/digital-do\\\/corporate\\\/digital-corporate-design-die-zukunft-der-markenidentitaet\\\/\"},\"author\":{\"name\":\"Ludwig Falkenstein\",\"@id\":\"https:\\\/\\\/www.viazenetti.de\\\/digital-do\\\/#\\\/schema\\\/person\\\/a218eeea5a13a183b1e0dd736aed9463\"},\"headline\":\"Digital Corporate Design: Die Zukunft der Markenidentit\u00e4t\",\"datePublished\":\"2024-04-18T14:17:50+00:00\",\"dateModified\":\"2025-08-21T12:55:22+00:00\",\"mainEntityOfPage\":{\"@id\":\"https:\\\/\\\/www.viazenetti.de\\\/digital-do\\\/corporate\\\/digital-corporate-design-die-zukunft-der-markenidentitaet\\\/\"},\"wordCount\":635,\"publisher\":{\"@id\":\"https:\\\/\\\/www.viazenetti.de\\\/digital-do\\\/#organization\"},\"image\":{\"@id\":\"https:\\\/\\\/www.viazenetti.de\\\/digital-do\\\/corporate\\\/digital-corporate-design-die-zukunft-der-markenidentitaet\\\/#primaryimage\"},\"thumbnailUrl\":\"https:\\\/\\\/www.viazenetti.de\\\/digital-do\\\/wp-content\\\/uploads\\\/dummie_image01.jpg\",\"keywords\":[\"App\",\"Corporate\",\"Design\",\"Digital\",\"Erlebnis\",\"Favicon\",\"Icon\",\"Logo\",\"Marke\",\"Profilbil\"],\"articleSection\":[\"corporate\",\"top-themen\",\"ui design\",\"ux design\"],\"inLanguage\":\"de\"},{\"@type\":\"WebPage\",\"@id\":\"https:\\\/\\\/www.viazenetti.de\\\/digital-do\\\/corporate\\\/digital-corporate-design-die-zukunft-der-markenidentitaet\\\/\",\"url\":\"https:\\\/\\\/www.viazenetti.de\\\/digital-do\\\/corporate\\\/digital-corporate-design-die-zukunft-der-markenidentitaet\\\/\",\"name\":\"Digital Corporate Design: Die Zukunft der Markenidentit\u00e4t - digital:do\",\"isPartOf\":{\"@id\":\"https:\\\/\\\/www.viazenetti.de\\\/digital-do\\\/#website\"},\"primaryImageOfPage\":{\"@id\":\"https:\\\/\\\/www.viazenetti.de\\\/digital-do\\\/corporate\\\/digital-corporate-design-die-zukunft-der-markenidentitaet\\\/#primaryimage\"},\"image\":{\"@id\":\"https:\\\/\\\/www.viazenetti.de\\\/digital-do\\\/corporate\\\/digital-corporate-design-die-zukunft-der-markenidentitaet\\\/#primaryimage\"},\"thumbnailUrl\":\"https:\\\/\\\/www.viazenetti.de\\\/digital-do\\\/wp-content\\\/uploads\\\/dummie_image01.jpg\",\"datePublished\":\"2024-04-18T14:17:50+00:00\",\"dateModified\":\"2025-08-21T12:55:22+00:00\",\"breadcrumb\":{\"@id\":\"https:\\\/\\\/www.viazenetti.de\\\/digital-do\\\/corporate\\\/digital-corporate-design-die-zukunft-der-markenidentitaet\\\/#breadcrumb\"},\"inLanguage\":\"de\",\"potentialAction\":[{\"@type\":\"ReadAction\",\"target\":[\"https:\\\/\\\/www.viazenetti.de\\\/digital-do\\\/corporate\\\/digital-corporate-design-die-zukunft-der-markenidentitaet\\\/\"]}]},{\"@type\":\"ImageObject\",\"inLanguage\":\"de\",\"@id\":\"https:\\\/\\\/www.viazenetti.de\\\/digital-do\\\/corporate\\\/digital-corporate-design-die-zukunft-der-markenidentitaet\\\/#primaryimage\",\"url\":\"https:\\\/\\\/www.viazenetti.de\\\/digital-do\\\/wp-content\\\/uploads\\\/dummie_image01.jpg\",\"contentUrl\":\"https:\\\/\\\/www.viazenetti.de\\\/digital-do\\\/wp-content\\\/uploads\\\/dummie_image01.jpg\",\"width\":951,\"height\":520},{\"@type\":\"BreadcrumbList\",\"@id\":\"https:\\\/\\\/www.viazenetti.de\\\/digital-do\\\/corporate\\\/digital-corporate-design-die-zukunft-der-markenidentitaet\\\/#breadcrumb\",\"itemListElement\":[{\"@type\":\"ListItem\",\"position\":1,\"name\":\"Startseite\",\"item\":\"https:\\\/\\\/www.viazenetti.de\\\/digital-do\\\/\"},{\"@type\":\"ListItem\",\"position\":2,\"name\":\"Digital Corporate Design: Die Zukunft der Markenidentit\u00e4t\"}]},{\"@type\":\"WebSite\",\"@id\":\"https:\\\/\\\/www.viazenetti.de\\\/digital-do\\\/#website\",\"url\":\"https:\\\/\\\/www.viazenetti.de\\\/digital-do\\\/\",\"name\":\"digital:do\",\"description\":\"Der Blog f\u00fcr Digitale Leidenschaft\",\"publisher\":{\"@id\":\"https:\\\/\\\/www.viazenetti.de\\\/digital-do\\\/#organization\"},\"potentialAction\":[{\"@type\":\"SearchAction\",\"target\":{\"@type\":\"EntryPoint\",\"urlTemplate\":\"https:\\\/\\\/www.viazenetti.de\\\/digital-do\\\/?s={search_term_string}\"},\"query-input\":{\"@type\":\"PropertyValueSpecification\",\"valueRequired\":true,\"valueName\":\"search_term_string\"}}],\"inLanguage\":\"de\"},{\"@type\":\"Organization\",\"@id\":\"https:\\\/\\\/www.viazenetti.de\\\/digital-do\\\/#organization\",\"name\":\"viazenetti GmbH\",\"url\":\"https:\\\/\\\/www.viazenetti.de\\\/digital-do\\\/\",\"logo\":{\"@type\":\"ImageObject\",\"inLanguage\":\"de\",\"@id\":\"https:\\\/\\\/www.viazenetti.de\\\/digital-do\\\/#\\\/schema\\\/logo\\\/image\\\/\",\"url\":\"https:\\\/\\\/www.viazenetti.de\\\/digital-do\\\/wp-content\\\/uploads\\\/digital-do-200.png\",\"contentUrl\":\"https:\\\/\\\/www.viazenetti.de\\\/digital-do\\\/wp-content\\\/uploads\\\/digital-do-200.png\",\"width\":200,\"height\":200,\"caption\":\"viazenetti GmbH\"},\"image\":{\"@id\":\"https:\\\/\\\/www.viazenetti.de\\\/digital-do\\\/#\\\/schema\\\/logo\\\/image\\\/\"},\"sameAs\":[\"https:\\\/\\\/www.facebook.com\\\/viazenetti\",\"https:\\\/\\\/www.linkedin.com\\\/company\\\/viazenetti-gmbh\\\/\"]},{\"@type\":\"Person\",\"@id\":\"https:\\\/\\\/www.viazenetti.de\\\/digital-do\\\/#\\\/schema\\\/person\\\/a218eeea5a13a183b1e0dd736aed9463\",\"name\":\"Ludwig Falkenstein\",\"image\":{\"@type\":\"ImageObject\",\"inLanguage\":\"de\",\"@id\":\"https:\\\/\\\/secure.gravatar.com\\\/avatar\\\/aada38136a1a72e8aaa08802a02c6545f5ac4c3282f288b445bf3b408d3953ea?s=96&d=mm&r=g\",\"url\":\"https:\\\/\\\/secure.gravatar.com\\\/avatar\\\/aada38136a1a72e8aaa08802a02c6545f5ac4c3282f288b445bf3b408d3953ea?s=96&d=mm&r=g\",\"contentUrl\":\"https:\\\/\\\/secure.gravatar.com\\\/avatar\\\/aada38136a1a72e8aaa08802a02c6545f5ac4c3282f288b445bf3b408d3953ea?s=96&d=mm&r=g\",\"caption\":\"Ludwig Falkenstein\"},\"url\":\"https:\\\/\\\/www.viazenetti.de\\\/digital-do\\\/author\\\/lf\\\/\"}]}<\/script>\n<!-- \/ Yoast SEO plugin. -->","yoast_head_json":{"title":"Digital Corporate Design: Die Zukunft der Markenidentit\u00e4t - digital:do","robots":{"index":"index","follow":"follow","max-snippet":"max-snippet:-1","max-image-preview":"max-image-preview:large","max-video-preview":"max-video-preview:-1"},"canonical":"https:\/\/www.viazenetti.de\/digital-do\/corporate\/digital-corporate-design-die-zukunft-der-markenidentitaet\/","og_locale":"de_DE","og_type":"article","og_title":"Digital Corporate Design: Die Zukunft der Markenidentit\u00e4t - digital:do","og_description":"Digital Corporate Design (DCD) muss sich als entscheidender Faktor f\u00fcr eine konsistente und moderne Markenidentit\u00e4t etablieren.","og_url":"https:\/\/www.viazenetti.de\/digital-do\/corporate\/digital-corporate-design-die-zukunft-der-markenidentitaet\/","og_site_name":"digital:do","article_publisher":"https:\/\/www.facebook.com\/viazenetti","article_published_time":"2024-04-18T14:17:50+00:00","article_modified_time":"2025-08-21T12:55:22+00:00","og_image":[{"width":951,"height":520,"url":"https:\/\/www.viazenetti.de\/digital-do\/wp-content\/uploads\/dummie_image01.jpg","type":"image\/jpeg"}],"author":"Ludwig Falkenstein","twitter_card":"summary_large_image","twitter_misc":{"Verfasst von":"Ludwig Falkenstein","Gesch\u00e4tzte Lesezeit":"4\u00a0Minuten"},"schema":{"@context":"https:\/\/schema.org","@graph":[{"@type":"Article","@id":"https:\/\/www.viazenetti.de\/digital-do\/corporate\/digital-corporate-design-die-zukunft-der-markenidentitaet\/#article","isPartOf":{"@id":"https:\/\/www.viazenetti.de\/digital-do\/corporate\/digital-corporate-design-die-zukunft-der-markenidentitaet\/"},"author":{"name":"Ludwig Falkenstein","@id":"https:\/\/www.viazenetti.de\/digital-do\/#\/schema\/person\/a218eeea5a13a183b1e0dd736aed9463"},"headline":"Digital Corporate Design: Die Zukunft der Markenidentit\u00e4t","datePublished":"2024-04-18T14:17:50+00:00","dateModified":"2025-08-21T12:55:22+00:00","mainEntityOfPage":{"@id":"https:\/\/www.viazenetti.de\/digital-do\/corporate\/digital-corporate-design-die-zukunft-der-markenidentitaet\/"},"wordCount":635,"publisher":{"@id":"https:\/\/www.viazenetti.de\/digital-do\/#organization"},"image":{"@id":"https:\/\/www.viazenetti.de\/digital-do\/corporate\/digital-corporate-design-die-zukunft-der-markenidentitaet\/#primaryimage"},"thumbnailUrl":"https:\/\/www.viazenetti.de\/digital-do\/wp-content\/uploads\/dummie_image01.jpg","keywords":["App","Corporate","Design","Digital","Erlebnis","Favicon","Icon","Logo","Marke","Profilbil"],"articleSection":["corporate","top-themen","ui design","ux design"],"inLanguage":"de"},{"@type":"WebPage","@id":"https:\/\/www.viazenetti.de\/digital-do\/corporate\/digital-corporate-design-die-zukunft-der-markenidentitaet\/","url":"https:\/\/www.viazenetti.de\/digital-do\/corporate\/digital-corporate-design-die-zukunft-der-markenidentitaet\/","name":"Digital Corporate Design: Die Zukunft der Markenidentit\u00e4t - digital:do","isPartOf":{"@id":"https:\/\/www.viazenetti.de\/digital-do\/#website"},"primaryImageOfPage":{"@id":"https:\/\/www.viazenetti.de\/digital-do\/corporate\/digital-corporate-design-die-zukunft-der-markenidentitaet\/#primaryimage"},"image":{"@id":"https:\/\/www.viazenetti.de\/digital-do\/corporate\/digital-corporate-design-die-zukunft-der-markenidentitaet\/#primaryimage"},"thumbnailUrl":"https:\/\/www.viazenetti.de\/digital-do\/wp-content\/uploads\/dummie_image01.jpg","datePublished":"2024-04-18T14:17:50+00:00","dateModified":"2025-08-21T12:55:22+00:00","breadcrumb":{"@id":"https:\/\/www.viazenetti.de\/digital-do\/corporate\/digital-corporate-design-die-zukunft-der-markenidentitaet\/#breadcrumb"},"inLanguage":"de","potentialAction":[{"@type":"ReadAction","target":["https:\/\/www.viazenetti.de\/digital-do\/corporate\/digital-corporate-design-die-zukunft-der-markenidentitaet\/"]}]},{"@type":"ImageObject","inLanguage":"de","@id":"https:\/\/www.viazenetti.de\/digital-do\/corporate\/digital-corporate-design-die-zukunft-der-markenidentitaet\/#primaryimage","url":"https:\/\/www.viazenetti.de\/digital-do\/wp-content\/uploads\/dummie_image01.jpg","contentUrl":"https:\/\/www.viazenetti.de\/digital-do\/wp-content\/uploads\/dummie_image01.jpg","width":951,"height":520},{"@type":"BreadcrumbList","@id":"https:\/\/www.viazenetti.de\/digital-do\/corporate\/digital-corporate-design-die-zukunft-der-markenidentitaet\/#breadcrumb","itemListElement":[{"@type":"ListItem","position":1,"name":"Startseite","item":"https:\/\/www.viazenetti.de\/digital-do\/"},{"@type":"ListItem","position":2,"name":"Digital Corporate Design: Die Zukunft der Markenidentit\u00e4t"}]},{"@type":"WebSite","@id":"https:\/\/www.viazenetti.de\/digital-do\/#website","url":"https:\/\/www.viazenetti.de\/digital-do\/","name":"digital:do","description":"Der Blog f\u00fcr Digitale Leidenschaft","publisher":{"@id":"https:\/\/www.viazenetti.de\/digital-do\/#organization"},"potentialAction":[{"@type":"SearchAction","target":{"@type":"EntryPoint","urlTemplate":"https:\/\/www.viazenetti.de\/digital-do\/?s={search_term_string}"},"query-input":{"@type":"PropertyValueSpecification","valueRequired":true,"valueName":"search_term_string"}}],"inLanguage":"de"},{"@type":"Organization","@id":"https:\/\/www.viazenetti.de\/digital-do\/#organization","name":"viazenetti GmbH","url":"https:\/\/www.viazenetti.de\/digital-do\/","logo":{"@type":"ImageObject","inLanguage":"de","@id":"https:\/\/www.viazenetti.de\/digital-do\/#\/schema\/logo\/image\/","url":"https:\/\/www.viazenetti.de\/digital-do\/wp-content\/uploads\/digital-do-200.png","contentUrl":"https:\/\/www.viazenetti.de\/digital-do\/wp-content\/uploads\/digital-do-200.png","width":200,"height":200,"caption":"viazenetti GmbH"},"image":{"@id":"https:\/\/www.viazenetti.de\/digital-do\/#\/schema\/logo\/image\/"},"sameAs":["https:\/\/www.facebook.com\/viazenetti","https:\/\/www.linkedin.com\/company\/viazenetti-gmbh\/"]},{"@type":"Person","@id":"https:\/\/www.viazenetti.de\/digital-do\/#\/schema\/person\/a218eeea5a13a183b1e0dd736aed9463","name":"Ludwig Falkenstein","image":{"@type":"ImageObject","inLanguage":"de","@id":"https:\/\/secure.gravatar.com\/avatar\/aada38136a1a72e8aaa08802a02c6545f5ac4c3282f288b445bf3b408d3953ea?s=96&d=mm&r=g","url":"https:\/\/secure.gravatar.com\/avatar\/aada38136a1a72e8aaa08802a02c6545f5ac4c3282f288b445bf3b408d3953ea?s=96&d=mm&r=g","contentUrl":"https:\/\/secure.gravatar.com\/avatar\/aada38136a1a72e8aaa08802a02c6545f5ac4c3282f288b445bf3b408d3953ea?s=96&d=mm&r=g","caption":"Ludwig Falkenstein"},"url":"https:\/\/www.viazenetti.de\/digital-do\/author\/lf\/"}]}},"_links":{"self":[{"href":"https:\/\/www.viazenetti.de\/digital-do\/wp-json\/wp\/v2\/posts\/356","targetHints":{"allow":["GET"]}}],"collection":[{"href":"https:\/\/www.viazenetti.de\/digital-do\/wp-json\/wp\/v2\/posts"}],"about":[{"href":"https:\/\/www.viazenetti.de\/digital-do\/wp-json\/wp\/v2\/types\/post"}],"author":[{"embeddable":true,"href":"https:\/\/www.viazenetti.de\/digital-do\/wp-json\/wp\/v2\/users\/5"}],"replies":[{"embeddable":true,"href":"https:\/\/www.viazenetti.de\/digital-do\/wp-json\/wp\/v2\/comments?post=356"}],"version-history":[{"count":1,"href":"https:\/\/www.viazenetti.de\/digital-do\/wp-json\/wp\/v2\/posts\/356\/revisions"}],"predecessor-version":[{"id":625,"href":"https:\/\/www.viazenetti.de\/digital-do\/wp-json\/wp\/v2\/posts\/356\/revisions\/625"}],"wp:featuredmedia":[{"embeddable":true,"href":"https:\/\/www.viazenetti.de\/digital-do\/wp-json\/wp\/v2\/media\/168"}],"wp:attachment":[{"href":"https:\/\/www.viazenetti.de\/digital-do\/wp-json\/wp\/v2\/media?parent=356"}],"wp:term":[{"taxonomy":"category","embeddable":true,"href":"https:\/\/www.viazenetti.de\/digital-do\/wp-json\/wp\/v2\/categories?post=356"},{"taxonomy":"post_tag","embeddable":true,"href":"https:\/\/www.viazenetti.de\/digital-do\/wp-json\/wp\/v2\/tags?post=356"}],"curies":[{"name":"wp","href":"https:\/\/api.w.org\/{rel}","templated":true}]}}